{"id":2213,"date":"2013-07-22T09:30:59","date_gmt":"2013-07-22T07:30:59","guid":{"rendered":"http:\/\/www.desde1927.com\/cdm\/?p=2213"},"modified":"2013-09-06T12:51:49","modified_gmt":"2013-09-06T10:51:49","slug":"carta-de-desde1927-a-u-e-f-a","status":"publish","type":"post","link":"https:\/\/www.desde1927.com\/cdm\/2013\/07\/22\/carta-de-desde1927-a-u-e-f-a\/","title":{"rendered":"Carta de DESDE1927 a U.E.F.A."},"content":{"rendered":"<p>Como ya os\u00a0 informamos, \u00e9ste fin de semana una representaci\u00f3n de la agrupaci\u00f3n DESDE1927 (C.D. Mirand\u00e9s) junto con otra\u00a0 de APMAE (R.C.D. Espanyol) han participado en el congreso de hinchas Europeos organizado por FSE (Fans Supporter&#8217;s Europe) en Amsterdam.<\/p>\n<p>Durante estos dias se han debatido muchas cuestiones que afectan hoy en dia a los aficionados Europeos.<\/p>\n<p>Uno de los actos\u00a0 centrales fu\u00e9 un debate cara a cara con Gianni Infantino, (Secretario General de U.E.F.A.) en el que el dirigente mostr\u00f3 mucho inter\u00e9s por las cuestiones que ata\u00f1en a la gesti\u00f3n de los Clubes por parte de sus aficionados.<\/p>\n<p>No se desperdici\u00f3 la oportunidad de entregarle una carta en persona al Secretario General U.E.F.A. relat\u00e1ndole la problem\u00e1tica actual del C.D.Mirand\u00e9s y de la legislaci\u00f3n espa\u00f1ola, rog\u00e1ndole tenga a bien manifestar y\/o solicitar una reforma de la misma ante los organismos competentes de nuestro pais.<\/p>\n<p><strong>U.E.F.A.<\/strong> <strong>est\u00e1 con los aficionados, est\u00e1 con nosotros<\/strong>, <strong>al menos de palabra.<\/strong><\/p>\n<p>&nbsp;<\/p>\n<p>&nbsp;<\/p>\n<p>Aqui ten\u00e9is una copia de la carta entregada al Sr.Infantino y mas abajo un texto traducido al castellano.<br \/>\n<strong>(Pinchad sobre la imagen para obtener una vista ampliable)<\/strong><\/p>\n<p>&nbsp;<\/p>\n<p><a href=\"http:\/\/www.desde1927.com\/cdm\/wp-content\/uploads\/cartaampliada.jpg\" target=\"_blank\"><img decoding=\"async\" alt=\"Carta en Ingles\" src=\"http:\/\/www.desde1927.com\/cdm\/wp-content\/uploads\/Carta-uefa.jpg\" \/><\/a><\/p>\n<p>&nbsp;<\/p>\n<p><strong>Texto en Castellano:<\/strong><\/p>\n<p><em>Al Secretario general de la U.E.F.A. Sr.Gianni Infantino.<\/em><\/p>\n<p><em>Somos un grupo de aficionados del C.D. Mirand\u00e9s, equipo que milita en la segunda divisi\u00f3n de la Liga de Futbol Profesional Espa\u00f1ola.<\/em><br \/>\n<em> Nuestro club naci\u00f3 en el a\u00f1o 1927 y durante sus 86 a\u00f1os de historia ha vivido en una constante lucha por salir adelante. <\/em><\/p>\n<p><em>A lo largo de su historia, sus socios y aficionados han trabajado para dotarle de unas modestas instalaciones, una marca respetable, un sentimiento com\u00fan de amor a unos colores, una se\u00f1a de identidad y una bandera de uni\u00f3n para nuestra ciudad. Mucha gente ha trabajado, sufrido y mermado su patrimonio personal para este fin, convirti\u00e9ndolo en un club mod\u00e9lico en cuanto a gesti\u00f3n econ\u00f3mica y deportiva.<\/em><br \/>\n<em> <\/em><\/p>\n<p><em>Todo esto se ha venido abajo en el momento que nuestro club ha conseguido alcanzar las categor\u00edas profesionales del futbol Espa\u00f1ol.<\/em><br \/>\n<em> En el a\u00f1o 2013, el C.D. Mirand\u00e9s fue VILMENTE EXPROPIADO a sus leg\u00edtimos due\u00f1os sin ning\u00fan tipo de indemnizaci\u00f3n ni compensaci\u00f3n alguna, en cumplimiento de una legislaci\u00f3n (Ley del Deporte 10\/1990, de 15 de octubre) que en nuestro pa\u00eds atenta gravemente contra los intereses de los aficionados. Para poder desarrollar su actividad deportiva en la categor\u00eda ganada, nuestro Club se ha visto inmerso de forma obligada en un proceso de conversi\u00f3n en sociedad mercantil, proceso que conlleva un alto riesgo de fractura social y que da por acabado el modelo de gesti\u00f3n por los aficionados, dando paso a un modelo en el que el capital es el protagonista. <\/em><\/p>\n<p><em>Este proceso de conversi\u00f3n en Sociedad An\u00f3nima Deportiva supone LA DESAPARICI\u00d3N DE FACTO DEL CLUB AL QUE LLEVAMOS APOYANDO MUCHOS A\u00d1OS.<\/em><br \/>\n<em> A dia de hoy nuestro club no ha completado todav\u00eda el proceso y se halla inmerso en un clima de inseguridad, duda y desconfianza social.<\/em><br \/>\n<em> <\/em><\/p>\n<p><em>Somos conscientes de la preocupaci\u00f3n de U.E.F.A. por la problem\u00e1tica del futbol actual en general y del Espa\u00f1ol en particular, ya que tal y como nos transmiti\u00f3 en persona el se\u00f1or William Galliard, los aficionados somos \u201cla soluci\u00f3n y el futuro del futbol en Europa\u201d.<\/em><br \/>\n<em> Es por ello que nos dirigimos a usted para que en la medida de lo posible, interceda sobre los organismos competentes en Espa\u00f1a para la modificaci\u00f3n del actual marco legislativo en materia de deportes y conseguir una legislaci\u00f3n en la que predomine el inter\u00e9s del aficionado frente a los intereses pol\u00edtico-econ\u00f3micos , evitando la profunda mercantilizaci\u00f3n de nuestro f\u00fatbol y dando paso a un futbol por y para los aficionados.<\/em><br \/>\n<em> <\/em><\/p>\n<p><em>Agradeci\u00e9ndole su colaboraci\u00f3n, nos despedimos atentamente. <\/em><\/p>\n<p>&nbsp;<\/p>\n<p>&nbsp;<\/p>\n<p>Agrupaci\u00f3n DESDE1927 ilusionando<\/p>\n<p><em>\u00a0<\/em><\/p>\n","protected":false},"excerpt":{"rendered":"<p>Como ya os\u00a0 informamos, \u00e9ste fin de semana una representaci\u00f3n de la agrupaci\u00f3n DESDE1927 (C.D. Mirand\u00e9s) junto con otra\u00a0 de APMAE (R.C.D. Espanyol) han participado en el congreso de hinchas Europeos organizado por FSE (Fans Supporter&#8217;s Europe) en Amsterdam. Durante estos dias se han debatido muchas cuestiones que afectan hoy en dia a los aficionados [&hellip;]<\/p>\n","protected":false},"author":62,"featured_media":2222,"comment_status":"open","ping_status":"open","sticky":false,"template":"","format":"standard","meta":{"footnotes":""},"categories":[3],"tags":[],"class_list":["post-2213","post","type-post","status-publish","format-standard","has-post-thumbnail","hentry","category-desde1927"],"_links":{"self":[{"href":"https:\/\/www.desde1927.com\/cdm\/wp-json\/wp\/v2\/posts\/2213","targetHints":{"allow":["GET"]}}],"collection":[{"href":"https:\/\/www.desde1927.com\/cdm\/wp-json\/wp\/v2\/posts"}],"about":[{"href":"https:\/\/www.desde1927.com\/cdm\/wp-json\/wp\/v2\/types\/post"}],"author":[{"embeddable":true,"href":"https:\/\/www.desde1927.com\/cdm\/wp-json\/wp\/v2\/users\/62"}],"replies":[{"embeddable":true,"href":"https:\/\/www.desde1927.com\/cdm\/wp-json\/wp\/v2\/comments?post=2213"}],"version-history":[{"count":30,"href":"https:\/\/www.desde1927.com\/cdm\/wp-json\/wp\/v2\/posts\/2213\/revisions"}],"predecessor-version":[{"id":2414,"href":"https:\/\/www.desde1927.com\/cdm\/wp-json\/wp\/v2\/posts\/2213\/revisions\/2414"}],"wp:featuredmedia":[{"embeddable":true,"href":"https:\/\/www.desde1927.com\/cdm\/wp-json\/wp\/v2\/media\/2222"}],"wp:attachment":[{"href":"https:\/\/www.desde1927.com\/cdm\/wp-json\/wp\/v2\/media?parent=2213"}],"wp:term":[{"taxonomy":"category","embeddable":true,"href":"https:\/\/www.desde1927.com\/cdm\/wp-json\/wp\/v2\/categories?post=2213"},{"taxonomy":"post_tag","embeddable":true,"href":"https:\/\/www.desde1927.com\/cdm\/wp-json\/wp\/v2\/tags?post=2213"}],"curies":[{"name":"wp","href":"https:\/\/api.w.org\/{rel}","templated":true}]}}