{"id":2703,"date":"2014-04-19T09:50:46","date_gmt":"2014-04-19T07:50:46","guid":{"rendered":"http:\/\/www.desde1927.com\/cdm\/?p=2703"},"modified":"2014-04-21T08:42:33","modified_gmt":"2014-04-21T06:42:33","slug":"desde-1927-y-la-campana-contra-la-homofobia-en-los-estadios-de-europa","status":"publish","type":"post","link":"https:\/\/www.desde1927.com\/cdm\/2014\/04\/19\/desde-1927-y-la-campana-contra-la-homofobia-en-los-estadios-de-europa\/","title":{"rendered":"Football fans against"},"content":{"rendered":"<p>DESDE 1927 Y LA CAMPA\u00d1A CONTRA LA HOMOFOBIA EN LOS ESTADIOS DE EUROPA.<\/p>\n<p><a href=\"http:\/\/www.desde1927.com\/cdm\/wp-content\/uploads\/10155534_542482552529706_8532328660911044191_n.png\"><img loading=\"lazy\" decoding=\"async\" class=\"alignleft size-full wp-image-2704\" alt=\"10155534_542482552529706_8532328660911044191_n\" src=\"http:\/\/www.desde1927.com\/cdm\/wp-content\/uploads\/10155534_542482552529706_8532328660911044191_n.png\" width=\"603\" height=\"395\" srcset=\"https:\/\/www.desde1927.com\/cdm\/wp-content\/uploads\/10155534_542482552529706_8532328660911044191_n.png 603w, https:\/\/www.desde1927.com\/cdm\/wp-content\/uploads\/10155534_542482552529706_8532328660911044191_n-300x196.png 300w\" sizes=\"auto, (max-width: 603px) 100vw, 603px\" \/><\/a><\/p>\n<p><span style=\"font-size: 14px; line-height: 1.5em;\">En la Pe\u00f1a Desde1927 nos hemos unido a una campa\u00f1a que se est\u00e1 llevando a cabo a nivel Europeo contra los comportamientos violentos y hom\u00f3fobos en los estadios de f\u00fatbol, promovida por Aktive Fans Berl\u00edn y el FARE network.<\/span><\/p>\n<p>Estas asociaciones han puesto en marcha \u00e9sta campa\u00f1a que consiste en enviar una pancarta de visita a los diferentes clubes, gradas de aficionados y proyectos de f\u00fatbol en toda Europa.El comienzo del tour de la pancarta fue marcado por los Respect Gaymes en junio 2011. En las distintas paradas que\u00a0ha ido haciendo la pancarta se han recorrido pa\u00edses como Dinamarca, Croacia,Alemania, Italia, Francia y ahora tambi\u00e9n recalar\u00e1 en Espa\u00f1a.<\/p>\n<p>Hoy S\u00e1bado 19 de abril la pancarta lucir\u00e1 en el fondo norte del estadio de Anduva.<\/p>\n<p><a href=\"http:\/\/www.marca.com\/2014\/04\/19\/futbol\/2adivision\/1397940910.html?a=0c227918b8d38116afd3064ebdadc779&amp;t=1398062372\">Las Palmas pincha en Anduva<\/a><\/p>\n<p><a href=\"http:\/\/www.marca.com\/2014\/04\/19\/futbol\/2adivision\/1397940910.html?a=0c227918b8d38116afd3064ebdadc779&amp;t=1398062372\"><img loading=\"lazy\" decoding=\"async\" class=\"alignleft size-full wp-image-2710\" alt=\"1397940910_extras_noticia_foton_7_1\" src=\"http:\/\/www.desde1927.com\/cdm\/wp-content\/uploads\/1397940910_extras_noticia_foton_7_1.jpg\" width=\"630\" height=\"350\" srcset=\"https:\/\/www.desde1927.com\/cdm\/wp-content\/uploads\/1397940910_extras_noticia_foton_7_1.jpg 630w, https:\/\/www.desde1927.com\/cdm\/wp-content\/uploads\/1397940910_extras_noticia_foton_7_1-300x166.jpg 300w\" sizes=\"auto, (max-width: 630px) 100vw, 630px\" \/><\/a><\/p>\n","protected":false},"excerpt":{"rendered":"<p>DESDE 1927 Y LA CAMPA\u00d1A CONTRA LA HOMOFOBIA EN LOS ESTADIOS DE EUROPA. En la Pe\u00f1a Desde1927 nos hemos unido a una campa\u00f1a que se est\u00e1 llevando a cabo a nivel Europeo contra los comportamientos violentos y hom\u00f3fobos en los estadios de f\u00fatbol, promovida por Aktive Fans Berl\u00edn y el FARE network. Estas asociaciones han [&hellip;]<\/p>\n","protected":false},"author":62,"featured_media":2704,"comment_status":"closed","ping_status":"closed","sticky":false,"template":"","format":"standard","meta":{"footnotes":""},"categories":[3],"tags":[],"class_list":["post-2703","post","type-post","status-publish","format-standard","has-post-thumbnail","hentry","category-desde1927"],"_links":{"self":[{"href":"https:\/\/www.desde1927.com\/cdm\/wp-json\/wp\/v2\/posts\/2703","targetHints":{"allow":["GET"]}}],"collection":[{"href":"https:\/\/www.desde1927.com\/cdm\/wp-json\/wp\/v2\/posts"}],"about":[{"href":"https:\/\/www.desde1927.com\/cdm\/wp-json\/wp\/v2\/types\/post"}],"author":[{"embeddable":true,"href":"https:\/\/www.desde1927.com\/cdm\/wp-json\/wp\/v2\/users\/62"}],"replies":[{"embeddable":true,"href":"https:\/\/www.desde1927.com\/cdm\/wp-json\/wp\/v2\/comments?post=2703"}],"version-history":[{"count":6,"href":"https:\/\/www.desde1927.com\/cdm\/wp-json\/wp\/v2\/posts\/2703\/revisions"}],"predecessor-version":[{"id":2711,"href":"https:\/\/www.desde1927.com\/cdm\/wp-json\/wp\/v2\/posts\/2703\/revisions\/2711"}],"wp:featuredmedia":[{"embeddable":true,"href":"https:\/\/www.desde1927.com\/cdm\/wp-json\/wp\/v2\/media\/2704"}],"wp:attachment":[{"href":"https:\/\/www.desde1927.com\/cdm\/wp-json\/wp\/v2\/media?parent=2703"}],"wp:term":[{"taxonomy":"category","embeddable":true,"href":"https:\/\/www.desde1927.com\/cdm\/wp-json\/wp\/v2\/categories?post=2703"},{"taxonomy":"post_tag","embeddable":true,"href":"https:\/\/www.desde1927.com\/cdm\/wp-json\/wp\/v2\/tags?post=2703"}],"curies":[{"name":"wp","href":"https:\/\/api.w.org\/{rel}","templated":true}]}}