{"id":289,"date":"2012-08-10T11:42:24","date_gmt":"2012-08-10T09:42:24","guid":{"rendered":"http:\/\/www.desde1927.com\/cdm\/?p=289"},"modified":"2012-08-13T19:28:31","modified_gmt":"2012-08-13T17:28:31","slug":"v-romeria-a-la-ermita-de-san-mames","status":"publish","type":"post","link":"https:\/\/www.desde1927.com\/cdm\/2012\/08\/10\/v-romeria-a-la-ermita-de-san-mames\/","title":{"rendered":"V ROMERIA A LA ERMITA DE SAN MAMES"},"content":{"rendered":"<p><strong>V ROMERIA A LA ERMITA DE SAN MAMES<\/strong><\/p>\n<h2>\u00a1\u00a1\u00a1 SAN MAM\u00c9S ES DEL MIRANDES!!!<\/h2>\n<p><P>El mi\u00e9rcoles, 15 de agosto, a las 11 horas, con motivo del inicio de la Liga, los hinchas rojillos disfrutaremos con la V Romer\u00eda conmemorativa del privilegio que concedi\u00f3 el santo ermita\u00f1o al equipo rojinegro.<\/P><\/p>\n<p>Al igual que en las celebraciones anteriores, a las 11 horas, el prodigioso \u201cBombo Rojillo\u201d proclamar\u00e1 en la ermita la alocuci\u00f3n evocadora de que \u201cSan Mam\u00e9s es del Mirand\u00e9s\u201d (y no de los michinos de la r\u00eda de Bilbao, que quede claro por si les da por maullar en protesta por la querencia del Santo ermita\u00f1o).<br \/>\nActo seguido, depositaremos al bravo Kabezorro en las entra\u00f1as de la ermita, para que la defienda de posibles acosos de los rencorosos michinos rojiblancos<br \/>\nY, luego, en la campa de los Paules, homenaje\u00e1remos pantangru\u00e9licamente al Santo Ermita\u00f1o con viandas y bebidas rojinegras, es decir, morcilla, chorizo, tomate, vino tino,&#8230; que los romeros compartiremos lanzando alocuciones de gratitud al Santo por su querencia con el Mirand\u00e9s.<br \/>\nEn definitiva, el mi\u00e9rcoles, 15, a las 11 horas, a darnos el atrac\u00f3n con \u00a1que viva San Mam\u00e9s y a\u00fapa el Mirand\u00e9s !<\/p>\n<p><a href=\"http:\/\/www.facebook.com\/events\/211323718996000\/\">Enlace al evento en Facebook \u00a1\u00a1UNETE!!<\/a><\/p>\n<p>&nbsp;<\/p>\n<p><a href=\"http:\/\/www.desde1927.com\/cdm\/wp-content\/uploads\/Erm-San-Mames-2011-08-21-12-55-18.jpg\"><img decoding=\"async\" title=\"Erm San Mames 2011-08-21 12-55-18\" src=\"http:\/\/www.desde1927.com\/cdm\/wp-content\/uploads\/Erm-San-Mames-2011-08-21-12-55-18-300x199.jpg\" alt=\"\" \/><\/a><\/p>\n<p><iframe loading=\"lazy\" src=\"http:\/\/maps.google.es\/maps\/ms?msid=214813670373303105845.0004aaae1cc5c009d1980&amp;msa=0&amp;ie=UTF8&amp;ll=42.674012,-3.101964&amp;spn=0.017101,0.039911&amp;t=m&amp;output=embed\" frameborder=\"0\" marginwidth=\"0\" marginheight=\"0\" scrolling=\"no\" width=\"425\" height=\"350\"><\/iframe><br \/>\n<small>Ver <a style=\"color: #0000ff; text-align: left;\" href=\"http:\/\/maps.google.es\/maps\/ms?msid=214813670373303105845.0004aaae1cc5c009d1980&amp;msa=0&amp;ie=UTF8&amp;ll=42.674012,-3.101964&amp;spn=0.017101,0.039911&amp;t=m&amp;source=embed\">Ermita de San Mam\u00e9s<\/a> en un mapa m\u00e1s grande<\/small><\/p>\n","protected":false},"excerpt":{"rendered":"<p>V ROMERIA A LA ERMITA DE SAN MAMES \u00a1\u00a1\u00a1 SAN MAM\u00c9S ES DEL MIRANDES!!! El mi\u00e9rcoles, 15 de agosto, a las 11 horas, con motivo del inicio de la Liga, los hinchas rojillos disfrutaremos con la V Romer\u00eda conmemorativa del privilegio que concedi\u00f3 el santo ermita\u00f1o al equipo rojinegro. Al igual que en las celebraciones [&hellip;]<\/p>\n","protected":false},"author":62,"featured_media":0,"comment_status":"open","ping_status":"open","sticky":false,"template":"","format":"standard","meta":{"footnotes":""},"categories":[3],"tags":[],"class_list":["post-289","post","type-post","status-publish","format-standard","hentry","category-desde1927"],"_links":{"self":[{"href":"https:\/\/www.desde1927.com\/cdm\/wp-json\/wp\/v2\/posts\/289","targetHints":{"allow":["GET"]}}],"collection":[{"href":"https:\/\/www.desde1927.com\/cdm\/wp-json\/wp\/v2\/posts"}],"about":[{"href":"https:\/\/www.desde1927.com\/cdm\/wp-json\/wp\/v2\/types\/post"}],"author":[{"embeddable":true,"href":"https:\/\/www.desde1927.com\/cdm\/wp-json\/wp\/v2\/users\/62"}],"replies":[{"embeddable":true,"href":"https:\/\/www.desde1927.com\/cdm\/wp-json\/wp\/v2\/comments?post=289"}],"version-history":[{"count":8,"href":"https:\/\/www.desde1927.com\/cdm\/wp-json\/wp\/v2\/posts\/289\/revisions"}],"predecessor-version":[{"id":296,"href":"https:\/\/www.desde1927.com\/cdm\/wp-json\/wp\/v2\/posts\/289\/revisions\/296"}],"wp:attachment":[{"href":"https:\/\/www.desde1927.com\/cdm\/wp-json\/wp\/v2\/media?parent=289"}],"wp:term":[{"taxonomy":"category","embeddable":true,"href":"https:\/\/www.desde1927.com\/cdm\/wp-json\/wp\/v2\/categories?post=289"},{"taxonomy":"post_tag","embeddable":true,"href":"https:\/\/www.desde1927.com\/cdm\/wp-json\/wp\/v2\/tags?post=289"}],"curies":[{"name":"wp","href":"https:\/\/api.w.org\/{rel}","templated":true}]}}