{"id":2986,"date":"2018-03-08T01:27:37","date_gmt":"2018-03-07T23:27:37","guid":{"rendered":"http:\/\/www.desde1927.com\/cdm\/?p=2986"},"modified":"2018-03-08T01:29:09","modified_gmt":"2018-03-07T23:29:09","slug":"burgos-mirandes","status":"publish","type":"post","link":"https:\/\/www.desde1927.com\/cdm\/2018\/03\/08\/burgos-mirandes\/","title":{"rendered":"Burgos &#8211; Mirand\u00e9s"},"content":{"rendered":"<p>Aprovechando que esta semana jugamos un partido contar el Burgos, hemos recuperado im\u00e1genes de la antigua web, de la temporada 2008-2009, celebrado en El Plant\u00edo el 4 de Enero, con Julio Ba\u00f1uelos como entrenador, y con jugadores como Pablo Infante, Iv\u00e1n Agust\u00edn, N\u00fa\u00f1ez, el capit\u00e1n Rodri, Tato, Trivi\u00f1o en la porter\u00eda o Kali Garrido en la delantera.<\/p>\n<p>Para ver la galer\u00eda, haz click en la imagen<\/p>\n<p><a title=\"Burgos - Mirand\u00e9s 2009\" href=\"https:\/\/www.flickr.com\/photos\/156705174@N07\/albums\/72157692485756721\"><img loading=\"lazy\" decoding=\"async\" src=\"https:\/\/farm5.staticflickr.com\/4799\/39970237404_64e915d22a_z.jpg\" alt=\"Burgos - Mirand\u00e9s 2009\" width=\"640\" height=\"427\" \/><\/a><\/p>\n","protected":false},"excerpt":{"rendered":"<p>Aprovechando que esta semana jugamos un partido contar el Burgos, hemos recuperado im\u00e1genes de la antigua web, de la temporada 2008-2009, celebrado en El Plant\u00edo el 4 de Enero, con Julio Ba\u00f1uelos como entrenador, y con jugadores como Pablo Infante, Iv\u00e1n Agust\u00edn, N\u00fa\u00f1ez, el capit\u00e1n Rodri, Tato, Trivi\u00f1o en la porter\u00eda o Kali Garrido en [&hellip;]<\/p>\n","protected":false},"author":13,"featured_media":2987,"comment_status":"closed","ping_status":"closed","sticky":false,"template":"","format":"standard","meta":{"footnotes":""},"categories":[5],"tags":[64,57,6,34],"class_list":["post-2986","post","type-post","status-publish","format-standard","has-post-thumbnail","hentry","category-imagenes","tag-2008-2009","tag-burgos","tag-fotos","tag-mirandes-2"],"_links":{"self":[{"href":"https:\/\/www.desde1927.com\/cdm\/wp-json\/wp\/v2\/posts\/2986","targetHints":{"allow":["GET"]}}],"collection":[{"href":"https:\/\/www.desde1927.com\/cdm\/wp-json\/wp\/v2\/posts"}],"about":[{"href":"https:\/\/www.desde1927.com\/cdm\/wp-json\/wp\/v2\/types\/post"}],"author":[{"embeddable":true,"href":"https:\/\/www.desde1927.com\/cdm\/wp-json\/wp\/v2\/users\/13"}],"replies":[{"embeddable":true,"href":"https:\/\/www.desde1927.com\/cdm\/wp-json\/wp\/v2\/comments?post=2986"}],"version-history":[{"count":3,"href":"https:\/\/www.desde1927.com\/cdm\/wp-json\/wp\/v2\/posts\/2986\/revisions"}],"predecessor-version":[{"id":2991,"href":"https:\/\/www.desde1927.com\/cdm\/wp-json\/wp\/v2\/posts\/2986\/revisions\/2991"}],"wp:featuredmedia":[{"embeddable":true,"href":"https:\/\/www.desde1927.com\/cdm\/wp-json\/wp\/v2\/media\/2987"}],"wp:attachment":[{"href":"https:\/\/www.desde1927.com\/cdm\/wp-json\/wp\/v2\/media?parent=2986"}],"wp:term":[{"taxonomy":"category","embeddable":true,"href":"https:\/\/www.desde1927.com\/cdm\/wp-json\/wp\/v2\/categories?post=2986"},{"taxonomy":"post_tag","embeddable":true,"href":"https:\/\/www.desde1927.com\/cdm\/wp-json\/wp\/v2\/tags?post=2986"}],"curies":[{"name":"wp","href":"https:\/\/api.w.org\/{rel}","templated":true}]}}