{"id":3662,"date":"2025-11-17T08:34:40","date_gmt":"2025-11-17T06:34:40","guid":{"rendered":"https:\/\/www.desde1927.com\/cdm\/?p=3662"},"modified":"2025-12-02T14:54:29","modified_gmt":"2025-12-02T12:54:29","slug":"homenaje-a-la-paca-en-mendizorroza","status":"publish","type":"post","link":"https:\/\/www.desde1927.com\/cdm\/2025\/11\/17\/homenaje-a-la-paca-en-mendizorroza\/","title":{"rendered":"Homenaje a La Paca en Mendizorroza"},"content":{"rendered":"\n<p>Un acto lleno de emoci\u00f3n, respeto y uni\u00f3n entre aficiones<\/p>\n\n\n\n<p>Ayer vivimos un momento que quedar\u00e1 guardado para siempre en el coraz\u00f3n de todos los que estuvimos frente al mural de <strong>La Paca<\/strong> en Mendizorroza. Un homenaje sincero, humilde y lleno de sentimiento hacia una aficionada que representa lo mejor del f\u00fatbol.<\/p>\n\n\n\n<p>El acto comenz\u00f3 con la lectura de una emotiva carta por parte de <strong>Maribel Andr\u00e9s<\/strong>, la pe\u00f1ista m\u00e1s longeva de la Pe\u00f1a Desde 1927. La falta de luz la oblig\u00f3 a detenerse, pero su hijo <strong>Nicol\u00e1s Benito<\/strong> continu\u00f3 la lectura entre un respetuoso silencio.<br>Al terminar, un c\u00e1lido aplauso uni\u00f3 a aficionados del <strong>Deportivo Alav\u00e9s<\/strong>, del <strong>C.D. Mirand\u00e9s<\/strong> y tambi\u00e9n del <strong>Burgos Club de F\u00fatbol<\/strong>, presentes en la previa del derbi burgal\u00e9s.<\/p>\n\n\n\n<p>Despu\u00e9s, los <strong>chiquis de la Pe\u00f1a Desde 1927<\/strong> depositaron un ramo de flores ante el mural de La Paca. A continuaci\u00f3n, cada una de las pe\u00f1as rojillas presentes dej\u00f3 su bufanda como s\u00edmbolo de uni\u00f3n y respeto:<\/p>\n\n\n\n<ul class=\"wp-block-list\">\n<li><strong>Exilio Rojillo<\/strong><\/li>\n\n\n\n<li><strong>Hurac\u00e1n Rojillo<\/strong><\/li>\n\n\n\n<li><strong>Rojillos de Aquende<\/strong><\/li>\n\n\n\n<li><strong>Komando Kemando<\/strong><\/li>\n\n\n\n<li><strong>J\u00f3venes Jabatos<\/strong><\/li>\n\n\n\n<li><strong>Desde 1927<\/strong><\/li>\n<\/ul>\n\n\n\n<p>Un nuevo aplauso cerr\u00f3 el homenaje, antes de que todos nos dirigi\u00e9semos a disfrutar del derbi burgal\u00e9s. Un partido hist\u00f3rico: <strong>21 a\u00f1os despu\u00e9s<\/strong>, el Burgos logr\u00f3 su primera victoria \u201ccomo local\u201d frente al Mirand\u00e9s\u2026 aunque no en Anduva.<br>Eso, como siempre, tendr\u00e1 que esperar.<\/p>\n\n\n\n<p>Queremos dar las <strong>gracias<\/strong> a todas las personas que participaron y acompa\u00f1aron este acto tan especial.<br>En especial a <strong>Andoni<\/strong>, hijo de La Paca, y a <strong>Arkaitz<\/strong>, su bisnieto, por su presencia y cari\u00f1o.<\/p>\n\n\n\n<p>Un gesto que nos recuerda que el f\u00fatbol, por encima de colores y rivalidades, <strong>une<\/strong>.<br>Gracias a todos.<\/p>\n\n\n\n<figure class=\"wp-block-gallery has-nested-images columns-default is-cropped wp-block-gallery-1 is-layout-flex wp-block-gallery-is-layout-flex\">\n<figure class=\"wp-block-image size-large\"><a href=\"https:\/\/www.desde1927.com\/cdm\/wp-content\/uploads\/Imagen-de-WhatsApp-2025-11-16-a-las-22.29.11_addefb54.jpg\"><img loading=\"lazy\" decoding=\"async\" width=\"1024\" height=\"769\" data-id=\"3667\" src=\"https:\/\/www.desde1927.com\/cdm\/wp-content\/uploads\/Imagen-de-WhatsApp-2025-11-16-a-las-22.29.11_addefb54-1024x769.jpg\" alt=\"\" class=\"wp-image-3667\" srcset=\"https:\/\/www.desde1927.com\/cdm\/wp-content\/uploads\/Imagen-de-WhatsApp-2025-11-16-a-las-22.29.11_addefb54-1024x769.jpg 1024w, https:\/\/www.desde1927.com\/cdm\/wp-content\/uploads\/Imagen-de-WhatsApp-2025-11-16-a-las-22.29.11_addefb54-300x225.jpg 300w, https:\/\/www.desde1927.com\/cdm\/wp-content\/uploads\/Imagen-de-WhatsApp-2025-11-16-a-las-22.29.11_addefb54-768x576.jpg 768w, https:\/\/www.desde1927.com\/cdm\/wp-content\/uploads\/Imagen-de-WhatsApp-2025-11-16-a-las-22.29.11_addefb54-1536x1153.jpg 1536w, https:\/\/www.desde1927.com\/cdm\/wp-content\/uploads\/Imagen-de-WhatsApp-2025-11-16-a-las-22.29.11_addefb54.jpg 2048w\" sizes=\"auto, (max-width: 1024px) 100vw, 1024px\" \/><\/a><\/figure>\n\n\n\n<figure class=\"wp-block-image size-large\"><a href=\"https:\/\/www.desde1927.com\/cdm\/wp-content\/uploads\/Imagen-de-WhatsApp-2025-11-16-a-las-22.17.07_2396967a.jpg\"><img loading=\"lazy\" decoding=\"async\" width=\"794\" height=\"1024\" data-id=\"3666\" src=\"https:\/\/www.desde1927.com\/cdm\/wp-content\/uploads\/Imagen-de-WhatsApp-2025-11-16-a-las-22.17.07_2396967a-794x1024.jpg\" alt=\"\" class=\"wp-image-3666\" srcset=\"https:\/\/www.desde1927.com\/cdm\/wp-content\/uploads\/Imagen-de-WhatsApp-2025-11-16-a-las-22.17.07_2396967a-794x1024.jpg 794w, https:\/\/www.desde1927.com\/cdm\/wp-content\/uploads\/Imagen-de-WhatsApp-2025-11-16-a-las-22.17.07_2396967a-233x300.jpg 233w, https:\/\/www.desde1927.com\/cdm\/wp-content\/uploads\/Imagen-de-WhatsApp-2025-11-16-a-las-22.17.07_2396967a-768x991.jpg 768w, https:\/\/www.desde1927.com\/cdm\/wp-content\/uploads\/Imagen-de-WhatsApp-2025-11-16-a-las-22.17.07_2396967a-1190x1536.jpg 1190w, https:\/\/www.desde1927.com\/cdm\/wp-content\/uploads\/Imagen-de-WhatsApp-2025-11-16-a-las-22.17.07_2396967a.jpg 1240w\" sizes=\"auto, (max-width: 794px) 100vw, 794px\" \/><\/a><\/figure>\n\n\n\n<figure class=\"wp-block-image size-large\"><a href=\"https:\/\/www.desde1927.com\/cdm\/wp-content\/uploads\/Imagen-de-WhatsApp-2025-11-16-a-las-22.17.07_50c1299f.jpg\"><img loading=\"lazy\" decoding=\"async\" width=\"1024\" height=\"737\" data-id=\"3665\" src=\"https:\/\/www.desde1927.com\/cdm\/wp-content\/uploads\/Imagen-de-WhatsApp-2025-11-16-a-las-22.17.07_50c1299f-1024x737.jpg\" alt=\"\" class=\"wp-image-3665\" srcset=\"https:\/\/www.desde1927.com\/cdm\/wp-content\/uploads\/Imagen-de-WhatsApp-2025-11-16-a-las-22.17.07_50c1299f-1024x737.jpg 1024w, https:\/\/www.desde1927.com\/cdm\/wp-content\/uploads\/Imagen-de-WhatsApp-2025-11-16-a-las-22.17.07_50c1299f-300x216.jpg 300w, https:\/\/www.desde1927.com\/cdm\/wp-content\/uploads\/Imagen-de-WhatsApp-2025-11-16-a-las-22.17.07_50c1299f-768x552.jpg 768w, https:\/\/www.desde1927.com\/cdm\/wp-content\/uploads\/Imagen-de-WhatsApp-2025-11-16-a-las-22.17.07_50c1299f-1536x1105.jpg 1536w, https:\/\/www.desde1927.com\/cdm\/wp-content\/uploads\/Imagen-de-WhatsApp-2025-11-16-a-las-22.17.07_50c1299f.jpg 1600w\" sizes=\"auto, (max-width: 1024px) 100vw, 1024px\" \/><\/a><\/figure>\n\n\n\n<figure class=\"wp-block-image size-large\"><a href=\"https:\/\/www.desde1927.com\/cdm\/wp-content\/uploads\/Imagen-de-WhatsApp-2025-11-16-a-las-22.17.07_1a84720d.jpg\"><img loading=\"lazy\" decoding=\"async\" width=\"668\" height=\"1024\" data-id=\"3664\" src=\"https:\/\/www.desde1927.com\/cdm\/wp-content\/uploads\/Imagen-de-WhatsApp-2025-11-16-a-las-22.17.07_1a84720d-668x1024.jpg\" alt=\"\" class=\"wp-image-3664\" srcset=\"https:\/\/www.desde1927.com\/cdm\/wp-content\/uploads\/Imagen-de-WhatsApp-2025-11-16-a-las-22.17.07_1a84720d-668x1024.jpg 668w, https:\/\/www.desde1927.com\/cdm\/wp-content\/uploads\/Imagen-de-WhatsApp-2025-11-16-a-las-22.17.07_1a84720d-196x300.jpg 196w, https:\/\/www.desde1927.com\/cdm\/wp-content\/uploads\/Imagen-de-WhatsApp-2025-11-16-a-las-22.17.07_1a84720d-768x1178.jpg 768w, https:\/\/www.desde1927.com\/cdm\/wp-content\/uploads\/Imagen-de-WhatsApp-2025-11-16-a-las-22.17.07_1a84720d-1001x1536.jpg 1001w, https:\/\/www.desde1927.com\/cdm\/wp-content\/uploads\/Imagen-de-WhatsApp-2025-11-16-a-las-22.17.07_1a84720d.jpg 1043w\" sizes=\"auto, (max-width: 668px) 100vw, 668px\" \/><\/a><\/figure>\n\n\n\n<figure class=\"wp-block-image size-large\"><a href=\"https:\/\/www.desde1927.com\/cdm\/wp-content\/uploads\/Imagen-de-WhatsApp-2025-11-16-a-las-22.29.12_0e51fcab.jpg\"><img loading=\"lazy\" decoding=\"async\" width=\"1024\" height=\"769\" data-id=\"3663\" src=\"https:\/\/www.desde1927.com\/cdm\/wp-content\/uploads\/Imagen-de-WhatsApp-2025-11-16-a-las-22.29.12_0e51fcab-1024x769.jpg\" alt=\"\" class=\"wp-image-3663\" srcset=\"https:\/\/www.desde1927.com\/cdm\/wp-content\/uploads\/Imagen-de-WhatsApp-2025-11-16-a-las-22.29.12_0e51fcab-1024x769.jpg 1024w, https:\/\/www.desde1927.com\/cdm\/wp-content\/uploads\/Imagen-de-WhatsApp-2025-11-16-a-las-22.29.12_0e51fcab-300x225.jpg 300w, https:\/\/www.desde1927.com\/cdm\/wp-content\/uploads\/Imagen-de-WhatsApp-2025-11-16-a-las-22.29.12_0e51fcab-768x576.jpg 768w, https:\/\/www.desde1927.com\/cdm\/wp-content\/uploads\/Imagen-de-WhatsApp-2025-11-16-a-las-22.29.12_0e51fcab-1536x1153.jpg 1536w, https:\/\/www.desde1927.com\/cdm\/wp-content\/uploads\/Imagen-de-WhatsApp-2025-11-16-a-las-22.29.12_0e51fcab.jpg 2048w\" sizes=\"auto, (max-width: 1024px) 100vw, 1024px\" \/><\/a><\/figure>\n\n\n\n<figure class=\"wp-block-image size-large\"><a href=\"https:\/\/www.desde1927.com\/cdm\/wp-content\/uploads\/ramo-homenaje-la-paca.jpeg\"><img loading=\"lazy\" decoding=\"async\" width=\"720\" height=\"960\" data-id=\"3677\" src=\"https:\/\/www.desde1927.com\/cdm\/wp-content\/uploads\/ramo-homenaje-la-paca.jpeg\" alt=\"\" class=\"wp-image-3677\" srcset=\"https:\/\/www.desde1927.com\/cdm\/wp-content\/uploads\/ramo-homenaje-la-paca.jpeg 720w, https:\/\/www.desde1927.com\/cdm\/wp-content\/uploads\/ramo-homenaje-la-paca-225x300.jpeg 225w\" sizes=\"auto, (max-width: 720px) 100vw, 720px\" \/><\/a><\/figure>\n\n\n\n<figure class=\"wp-block-image size-large\"><a href=\"https:\/\/www.desde1927.com\/cdm\/wp-content\/uploads\/bufandas-pena-del-mirandes-ramo-homenaje-la-paca.jpeg\"><img loading=\"lazy\" decoding=\"async\" width=\"720\" height=\"960\" data-id=\"3678\" src=\"https:\/\/www.desde1927.com\/cdm\/wp-content\/uploads\/bufandas-pena-del-mirandes-ramo-homenaje-la-paca.jpeg\" alt=\"\" class=\"wp-image-3678\" srcset=\"https:\/\/www.desde1927.com\/cdm\/wp-content\/uploads\/bufandas-pena-del-mirandes-ramo-homenaje-la-paca.jpeg 720w, https:\/\/www.desde1927.com\/cdm\/wp-content\/uploads\/bufandas-pena-del-mirandes-ramo-homenaje-la-paca-225x300.jpeg 225w\" sizes=\"auto, (max-width: 720px) 100vw, 720px\" \/><\/a><\/figure>\n\n\n\n<figure class=\"wp-block-image size-large\"><a href=\"https:\/\/www.desde1927.com\/cdm\/wp-content\/uploads\/bufanda-desde-ramo-homenaje-la-paca.jpeg\"><img loading=\"lazy\" decoding=\"async\" width=\"960\" height=\"720\" data-id=\"3676\" src=\"https:\/\/www.desde1927.com\/cdm\/wp-content\/uploads\/bufanda-desde-ramo-homenaje-la-paca.jpeg\" alt=\"\" class=\"wp-image-3676\" srcset=\"https:\/\/www.desde1927.com\/cdm\/wp-content\/uploads\/bufanda-desde-ramo-homenaje-la-paca.jpeg 960w, https:\/\/www.desde1927.com\/cdm\/wp-content\/uploads\/bufanda-desde-ramo-homenaje-la-paca-300x225.jpeg 300w, https:\/\/www.desde1927.com\/cdm\/wp-content\/uploads\/bufanda-desde-ramo-homenaje-la-paca-768x576.jpeg 768w\" sizes=\"auto, (max-width: 960px) 100vw, 960px\" \/><\/a><\/figure>\n<\/figure>\n\n\n\n<figure class=\"wp-block-video\"><video height=\"720\" style=\"aspect-ratio: 1504 \/ 720;\" width=\"1504\" controls src=\"https:\/\/www.desde1927.com\/cdm\/wp-content\/uploads\/Video-de-WhatsApp-2025-11-16-a-las-22.17.07_4062312b.mp4\"><\/video><\/figure>\n\n\n\n<p>Noticias en medios sobre el acto<\/p>\n\n\n\n<p><a href=\"https:\/\/www.gasteizhoy.com\/la-paca-homenaje-mirandes\/\" target=\"_blank\" rel=\"noreferrer noopener\">Las pe\u00f1as del Mirand\u00e9s recuerdan a La Paca con un homenaje en su mural<\/a><\/p>\n\n\n\n<p><a href=\"https:\/\/www.elcorreo.com\/mirandes\/penas-mirandes-nunca-fallan-empujaran-equipo-entrenamiento-20251114001545-nt.html\" data-type=\"link\" data-id=\"https:\/\/www.elcorreo.com\/mirandes\/penas-mirandes-nunca-fallan-empujaran-equipo-entrenamiento-20251114001545-nt.html\" target=\"_blank\" rel=\"noreferrer noopener\">Las pe\u00f1as del Mirand\u00e9s nunca fallan y empujar\u00e1n al equipo desde el entrenamiento<\/a><\/p>\n\n\n\n<p><a href=\"https:\/\/www.facebook.com\/groups\/662322677798438\/permalink\/1726224534741575\/?rdid=3Y7S5WthitBCHONn#\" target=\"_blank\" rel=\"noreferrer noopener\">Publicaci\u00f3n de I\u00f1aki \u00c1lvarez Ircio en Gloriosopedia<\/a><\/p>\n\n\n\n<p><a href=\"https:\/\/www.elcorreo.com\/alaves\/alaves-burgos-penas-mirandes-homenajearan-paca-mendizorroza-20251114132447-nt.html\" target=\"_blank\" rel=\"noreferrer noopener\">Las pe\u00f1as del Mirand\u00e9s homenajear\u00e1n a &#8216;La Paca&#8217; en Mendizorroza<\/a><\/p>\n\n\n\n<p><a href=\"https:\/\/www.noticiasdealava.eus\/alaves\/2025\/11\/16\/penas-mirandes-rinden-homenaje-mendizorroza-10357570.html\" target=\"_blank\" rel=\"noreferrer noopener\">Las pe\u00f1as del Mirand\u00e9s rinden homenaje en Mendizorroza a La Paca<\/a><\/p>\n\n\n\n<p><a href=\"https:\/\/eitb.eus\/N_BVlGEK\/\" target=\"_blank\" rel=\"noreferrer noopener\">Breve entrevista de Emilio Pascual a Nico en Radio Vitoria Deportes<\/a><\/p>\n\n\n\n<p>Videos sobre \u00abLa Paca\u00bb<br><\/p>\n\n\n\n<figure class=\"wp-block-embed is-type-video is-provider-youtube wp-block-embed-youtube wp-embed-aspect-16-9 wp-has-aspect-ratio\"><div class=\"wp-block-embed__wrapper\">\n<iframe loading=\"lazy\" title=\"El hijo de &quot;La Paca&quot; se emociona: &quot;All\u00e1 donde est\u00e9 nos sigue apoyando&quot;\" width=\"630\" height=\"354\" src=\"https:\/\/www.youtube.com\/embed\/FXCl-VGhDoI?feature=oembed\" frameborder=\"0\" allow=\"accelerometer; autoplay; clipboard-write; encrypted-media; gyroscope; picture-in-picture; web-share\" referrerpolicy=\"strict-origin-when-cross-origin\" allowfullscreen><\/iframe>\n<\/div><\/figure>\n\n\n\n<p>Andoni hijo de \u00abLa Paca\u00bb<\/p>\n\n\n\n<figure class=\"wp-block-embed is-type-video is-provider-youtube wp-block-embed-youtube wp-embed-aspect-16-9 wp-has-aspect-ratio\"><div class=\"wp-block-embed__wrapper\">\n<iframe loading=\"lazy\" title=\"PINCELADAS EN ALBIAZUL - Homenaje a &quot;La Paca&quot;\" width=\"630\" height=\"354\" src=\"https:\/\/www.youtube.com\/embed\/RaNliNWgOZU?feature=oembed\" frameborder=\"0\" allow=\"accelerometer; autoplay; clipboard-write; encrypted-media; gyroscope; picture-in-picture; web-share\" referrerpolicy=\"strict-origin-when-cross-origin\" allowfullscreen><\/iframe>\n<\/div><\/figure>\n\n\n\n<p>Tertulia de I\u00f1aki \u00c1lvarez Ircio y Arkaitz bisnieto de \u00abLa Paca\u00bb<\/p>\n","protected":false},"excerpt":{"rendered":"<p>Un acto lleno de emoci\u00f3n, respeto y uni\u00f3n entre aficiones Ayer vivimos un momento que quedar\u00e1 guardado para siempre en el coraz\u00f3n de todos los que estuvimos frente al mural de La Paca en Mendizorroza. Un homenaje sincero, humilde y lleno de sentimiento hacia una aficionada que representa lo mejor del f\u00fatbol. El acto comenz\u00f3 [&hellip;]<\/p>\n","protected":false},"author":133,"featured_media":3665,"comment_status":"closed","ping_status":"closed","sticky":false,"template":"","format":"standard","meta":{"footnotes":""},"categories":[3],"tags":[],"class_list":["post-3662","post","type-post","status-publish","format-standard","has-post-thumbnail","hentry","category-desde1927"],"_links":{"self":[{"href":"https:\/\/www.desde1927.com\/cdm\/wp-json\/wp\/v2\/posts\/3662","targetHints":{"allow":["GET"]}}],"collection":[{"href":"https:\/\/www.desde1927.com\/cdm\/wp-json\/wp\/v2\/posts"}],"about":[{"href":"https:\/\/www.desde1927.com\/cdm\/wp-json\/wp\/v2\/types\/post"}],"author":[{"embeddable":true,"href":"https:\/\/www.desde1927.com\/cdm\/wp-json\/wp\/v2\/users\/133"}],"replies":[{"embeddable":true,"href":"https:\/\/www.desde1927.com\/cdm\/wp-json\/wp\/v2\/comments?post=3662"}],"version-history":[{"count":5,"href":"https:\/\/www.desde1927.com\/cdm\/wp-json\/wp\/v2\/posts\/3662\/revisions"}],"predecessor-version":[{"id":3679,"href":"https:\/\/www.desde1927.com\/cdm\/wp-json\/wp\/v2\/posts\/3662\/revisions\/3679"}],"wp:featuredmedia":[{"embeddable":true,"href":"https:\/\/www.desde1927.com\/cdm\/wp-json\/wp\/v2\/media\/3665"}],"wp:attachment":[{"href":"https:\/\/www.desde1927.com\/cdm\/wp-json\/wp\/v2\/media?parent=3662"}],"wp:term":[{"taxonomy":"category","embeddable":true,"href":"https:\/\/www.desde1927.com\/cdm\/wp-json\/wp\/v2\/categories?post=3662"},{"taxonomy":"post_tag","embeddable":true,"href":"https:\/\/www.desde1927.com\/cdm\/wp-json\/wp\/v2\/tags?post=3662"}],"curies":[{"name":"wp","href":"https:\/\/api.w.org\/{rel}","templated":true}]}}