{"id":393,"date":"2012-08-21T14:35:10","date_gmt":"2012-08-21T12:35:10","guid":{"rendered":"http:\/\/www.desde1927.com\/cdm\/?p=393"},"modified":"2012-08-23T12:37:52","modified_gmt":"2012-08-23T10:37:52","slug":"recreativo-de-huelva-cd-mirandes","status":"publish","type":"post","link":"https:\/\/www.desde1927.com\/cdm\/2012\/08\/21\/recreativo-de-huelva-cd-mirandes\/","title":{"rendered":"Recreativo de Huelva &#8211; CD Mirand\u00e9s"},"content":{"rendered":"<h2>S\u00e1bado 25 de Agosto a las 19:00<\/h2>\n<p><strong>Estadio Nuevo Colombino (Huelva)<\/strong><\/p>\n<p>Tras el mal comienzo de temporada, con la derrota ante el Huesca en Anduva, el Mirand\u00e9s inicia un bloque de dos partidos en Andaluc\u00eda. El decano del f\u00fatbol espa\u00f1ol nos espera en Huelva para ponernos muy dif\u00edcil conseguir algo positivo ya que, tras la derrota cosechada en su visita al Xerez, los de Huelva querr\u00e1n inaugurar tambi\u00e9n su casillero de puntos amarrando los tres en disputa.<\/p>\n<p>Una vez superados los nervios del debut, los nuestros deben aprender de los errores cometidos e intentar materializar sus ocasiones, sabiendo que en \u00e9sta categor\u00eda cada error puede ser castigado con un gol en contra por muy controlado que se tenga el partido. Comprobaremos si en la liga Adelante, el Mirand\u00e9s es un visitante tan temible como lo fue la pasada temporada.<\/p>\n<p>Se espera una reducida presencia de aficionados rojillos en las gradas del Nuevo Colombino dada la gran distancia que separa las dos ciudades. Esperemos que los que viajen vuelvan con una alegr\u00eda que haga m\u00e1s llevadero el trayecto.<\/p>\n<p>AUPA MIRAND\u00c9S!!<\/p>\n<table>\n<tbody>\n<tr>\n<th>\u00c1rbitros<\/th>\n<\/tr>\n<tr>\n<td>\u00c1rbitro: <strong>PINO ZAMORANO-ALFONSO<\/strong> Comit\u00e9 Territorial Castellano-Manchego<br \/>\nCuarto \u00c1rbitro: <strong>MU\u00d1OZ MAYORDOMO-JESUS<\/strong> Comit\u00e9 Territorial Castellano-Manchego<br \/>\n\u00c1rbitro Asistente 1: <strong>ESCUDEROS S\u00c1NCHEZ-C.-RA\u00daL<\/strong> Comit\u00e9 Territorial Castellano-Manchego<br \/>\n\u00c1rbitro Asistente 2: <strong>VAQUERO AGAMA-MATEO NICOL\u00c1S<\/strong> Comit\u00e9 Territorial Extreme\u00f1o<br \/>\nDelegado\/Informador: <strong>GUTI\u00c9RREZ P\u00c9REZ-LUIS ALBERTO<\/strong> Comit\u00e9 Territorial Andaluz<\/td>\n<\/tr>\n<\/tbody>\n<\/table>\n","protected":false},"excerpt":{"rendered":"<p>S\u00e1bado 25 de Agosto a las 19:00 Estadio Nuevo Colombino (Huelva) Tras el mal comienzo de temporada, con la derrota ante el Huesca en Anduva, el Mirand\u00e9s inicia un bloque de dos partidos en Andaluc\u00eda. El decano del f\u00fatbol espa\u00f1ol nos espera en Huelva para ponernos muy dif\u00edcil conseguir algo positivo ya que, tras la [&hellip;]<\/p>\n","protected":false},"author":62,"featured_media":0,"comment_status":"open","ping_status":"open","sticky":false,"template":"","format":"standard","meta":{"footnotes":""},"categories":[4],"tags":[],"class_list":["post-393","post","type-post","status-publish","format-standard","hentry","category-partidos"],"_links":{"self":[{"href":"https:\/\/www.desde1927.com\/cdm\/wp-json\/wp\/v2\/posts\/393","targetHints":{"allow":["GET"]}}],"collection":[{"href":"https:\/\/www.desde1927.com\/cdm\/wp-json\/wp\/v2\/posts"}],"about":[{"href":"https:\/\/www.desde1927.com\/cdm\/wp-json\/wp\/v2\/types\/post"}],"author":[{"embeddable":true,"href":"https:\/\/www.desde1927.com\/cdm\/wp-json\/wp\/v2\/users\/62"}],"replies":[{"embeddable":true,"href":"https:\/\/www.desde1927.com\/cdm\/wp-json\/wp\/v2\/comments?post=393"}],"version-history":[{"count":16,"href":"https:\/\/www.desde1927.com\/cdm\/wp-json\/wp\/v2\/posts\/393\/revisions"}],"predecessor-version":[{"id":412,"href":"https:\/\/www.desde1927.com\/cdm\/wp-json\/wp\/v2\/posts\/393\/revisions\/412"}],"wp:attachment":[{"href":"https:\/\/www.desde1927.com\/cdm\/wp-json\/wp\/v2\/media?parent=393"}],"wp:term":[{"taxonomy":"category","embeddable":true,"href":"https:\/\/www.desde1927.com\/cdm\/wp-json\/wp\/v2\/categories?post=393"},{"taxonomy":"post_tag","embeddable":true,"href":"https:\/\/www.desde1927.com\/cdm\/wp-json\/wp\/v2\/tags?post=393"}],"curies":[{"name":"wp","href":"https:\/\/api.w.org\/{rel}","templated":true}]}}